{"id":1728,"date":"2022-08-11T14:22:12","date_gmt":"2022-08-11T20:22:12","guid":{"rendered":"https:\/\/litoralatlanticohd.net\/?p=1728"},"modified":"2022-08-11T14:22:13","modified_gmt":"2022-08-11T20:22:13","slug":"cuando-llegaran-vacunas-contra-viruela-del-mono-a-honduras-salud-responde","status":"publish","type":"post","link":"https:\/\/litoralatlanticohd.net\/index.php\/2022\/08\/11\/cuando-llegaran-vacunas-contra-viruela-del-mono-a-honduras-salud-responde\/","title":{"rendered":"\u00bfCu\u00e1ndo llegar\u00e1n vacunas contra viruela del mono a Honduras?, Salud responde."},"content":{"rendered":"\n<p><\/p>\n\n\n\n<p>Se espera que el pr\u00f3ximo septiembre\u00a0Honduras\u00a0reciba\u00a05,600 vacunas contra la viruela s\u00edmica, tambi\u00e9n llamada &#8220;viruela del mono&#8221;, as\u00ed lo detall\u00f3 el coordinador interno de enfermedades cr\u00f3nicas, covid-19, VIH y viruela s\u00edmica de la Secretar\u00eda de Salud, Aron Bueso.<\/p>\n\n\n\n<p>&#8220;No son de alto comercio, no son para la poblaci\u00f3n general&#8221;, inform\u00f3 el funcionario de la Sesal.<\/p>\n\n\n\n<p>En cuanto a las pruebas para detectar infecciones por viruela del mono, Bueso indic\u00f3 que aumentaron el inventario de 50 a 2,500, esto tambi\u00e9n a trav\u00e9s de la\u00a0<strong>OPS<\/strong>. <\/p>\n\n\n\n<h4>No hay casos sospechosos en Honduras<\/h4>\n\n\n\n<p>El coordinador interno inform\u00f3 que en el territorio nacional no hay personas con sospechas de estar infectadas con dicha enfermedad, pese a que pa\u00edses fronterizos ya registraron primeras infecciones.<\/p>\n\n\n\n<p>&#8220;<strong>Panam\u00e1&nbsp;<\/strong>tiene un caso,&nbsp;<strong>Costa Rica<\/strong>&nbsp;tiene tres casos,&nbsp;<strong>Guatemala&nbsp;<\/strong>contaba con uno, pero ayer se confirm\u00f3 el segundo caso&#8221;, detall\u00f3.<\/p>\n\n\n\n<p>Bueso explic\u00f3 que las oficinas sanitarias internacionales mar\u00edtima y terrestres deben informar a Sesal sobre cualquier sospecha de infecci\u00f3n para realizar el abordaje correspondiente.<\/p>\n\n\n\n<p>Seg\u00fan los Centros para el Control y la Prevenci\u00f3n de Enfermedades (<strong>CDC<\/strong>) de&nbsp;<strong>Estados Unidos<\/strong>&nbsp;en el mundo hay&nbsp;<strong>m\u00e1s de 31,800 casos en 89 pa\u00edses<\/strong>.<\/p>\n\n\n\n<p>Luego que en mayo se reportara el brote de viruela del mono, el cual se presume sali\u00f3 de&nbsp;<strong>\u00c1frica<\/strong>, el 23 de julio la Organizaci\u00f3n Mundial de la Salud (<strong>OMS<\/strong>) declar\u00f3 la emergencia internacional por este padecimiento puso en alerta todos los sistemas sanitarios.<\/p>\n\n\n\n<p><\/p>\n\n\n\n<p><\/p>\n\n\n\n<p>El funcionario se\u00f1al\u00f3 que las dosis del ant\u00eddoto ya est\u00e1n siendo gestionadas a trav\u00e9s del Fondo Rotatorio de la Organizaci\u00f3n Panamericana de la Salud&nbsp;(<strong>OPS<\/strong>).<\/p>\n","protected":false},"excerpt":{"rendered":"<p>Se espera que el pr\u00f3ximo septiembre\u00a0Honduras\u00a0reciba\u00a05,600 vacunas contra la viruela s\u00edmica, tambi\u00e9n llamada &#8220;viruela del mono&#8221;, as\u00ed lo detall\u00f3 el coordinador interno de enfermedades cr\u00f3nicas, covid-19, VIH y viruela s\u00edmica de la Secretar\u00eda de Salud, Aron Bueso. &#8220;No son de alto comercio, no son para la poblaci\u00f3n general&#8221;, inform\u00f3 el funcionario de la Sesal. En [&hellip;]<\/p>\n","protected":false},"author":4,"featured_media":1732,"comment_status":"open","ping_status":"open","sticky":false,"template":"","format":"gallery","meta":{"om_disable_all_campaigns":false,"_mi_skip_tracking":false},"categories":[2],"tags":[177],"amp_enabled":true,"_links":{"self":[{"href":"https:\/\/litoralatlanticohd.net\/index.php\/wp-json\/wp\/v2\/posts\/1728"}],"collection":[{"href":"https:\/\/litoralatlanticohd.net\/index.php\/wp-json\/wp\/v2\/posts"}],"about":[{"href":"https:\/\/litoralatlanticohd.net\/index.php\/wp-json\/wp\/v2\/types\/post"}],"author":[{"embeddable":true,"href":"https:\/\/litoralatlanticohd.net\/index.php\/wp-json\/wp\/v2\/users\/4"}],"replies":[{"embeddable":true,"href":"https:\/\/litoralatlanticohd.net\/index.php\/wp-json\/wp\/v2\/comments?post=1728"}],"version-history":[{"count":1,"href":"https:\/\/litoralatlanticohd.net\/index.php\/wp-json\/wp\/v2\/posts\/1728\/revisions"}],"predecessor-version":[{"id":1737,"href":"https:\/\/litoralatlanticohd.net\/index.php\/wp-json\/wp\/v2\/posts\/1728\/revisions\/1737"}],"wp:featuredmedia":[{"embeddable":true,"href":"https:\/\/litoralatlanticohd.net\/index.php\/wp-json\/wp\/v2\/media\/1732"}],"wp:attachment":[{"href":"https:\/\/litoralatlanticohd.net\/index.php\/wp-json\/wp\/v2\/media?parent=1728"}],"wp:term":[{"taxonomy":"category","embeddable":true,"href":"https:\/\/litoralatlanticohd.net\/index.php\/wp-json\/wp\/v2\/categories?post=1728"},{"taxonomy":"post_tag","embeddable":true,"href":"https:\/\/litoralatlanticohd.net\/index.php\/wp-json\/wp\/v2\/tags?post=1728"}],"curies":[{"name":"wp","href":"https:\/\/api.w.org\/{rel}","templated":true}]}}