{"id":1729,"date":"2022-08-11T14:22:35","date_gmt":"2022-08-11T20:22:35","guid":{"rendered":"https:\/\/litoralatlanticohd.net\/?p=1729"},"modified":"2022-08-11T14:26:13","modified_gmt":"2022-08-11T20:26:13","slug":"csj-da-curso-a-la-solicitud-para-extradicion-de-fernando-josue-suarez","status":"publish","type":"post","link":"https:\/\/litoralatlanticohd.net\/index.php\/2022\/08\/11\/csj-da-curso-a-la-solicitud-para-extradicion-de-fernando-josue-suarez\/","title":{"rendered":"CSJ da curso a la solicitud para extradici\u00f3n de Fernando Josu\u00e9 Su\u00e1rez"},"content":{"rendered":"\n<p>La solicitud de extradici\u00f3n fue presentada por el Ministerio P\u00fablico (MP) para que el ciudadano que se encuentra en El Salvador, sea trasladado a Honduras.<\/p>\n\n\n\n<p>En ese sentido, el director de la unidad de comunicaciones del Poder Judicial, Melvin Duarte, inform\u00f3 que la Sala de lo Penal ya remiti\u00f3 los antecedentes hacia la Secretar\u00eda de Relaciones Exteriores de Honduras.<\/p>\n\n\n\n<p>Asimismo, coment\u00f3 que la Canciller\u00eda hondure\u00f1a deber\u00eda hacer las comunicaciones y acciones con el gobierno de El Salvador para extraditar a Fernando Josu\u00e9 Su\u00e1rez.<\/p>\n\n\n\n<p>\u201cEl Salvador deber\u00e1 valorar los documentos enviados por Honduras, entre ellos la decisi\u00f3n de la Sala de lo Penal, de que es lo que corresponde finalmente\u201d, expres\u00f3.<\/p>\n\n\n\n<p>La Polic\u00eda Nacional inform\u00f3 de la captura en El Salvador de Fernando Josu\u00e9 Su\u00e1rez Ram\u00edrez el pasado 12 de julio, quien se pensaba ser\u00eda extradito para enfrentar la justicia hondure\u00f1a por el esc\u00e1ndalo de corrupci\u00f3n \u201cPandora\u201d, ligado a pol\u00edticos y exfuncionarios del gobierno anterior.<\/p>\n","protected":false},"excerpt":{"rendered":"<p>La solicitud de extradici\u00f3n fue presentada por el Ministerio P\u00fablico (MP) para que el ciudadano que se encuentra en El Salvador, sea trasladado a Honduras. En ese sentido, el director de la unidad de comunicaciones del Poder Judicial, Melvin Duarte, inform\u00f3 que la Sala de lo Penal ya remiti\u00f3 los antecedentes hacia la Secretar\u00eda de [&hellip;]<\/p>\n","protected":false},"author":4,"featured_media":1731,"comment_status":"open","ping_status":"open","sticky":false,"template":"","format":"gallery","meta":{"om_disable_all_campaigns":false,"_mi_skip_tracking":false},"categories":[2],"tags":[177],"amp_enabled":true,"_links":{"self":[{"href":"https:\/\/litoralatlanticohd.net\/index.php\/wp-json\/wp\/v2\/posts\/1729"}],"collection":[{"href":"https:\/\/litoralatlanticohd.net\/index.php\/wp-json\/wp\/v2\/posts"}],"about":[{"href":"https:\/\/litoralatlanticohd.net\/index.php\/wp-json\/wp\/v2\/types\/post"}],"author":[{"embeddable":true,"href":"https:\/\/litoralatlanticohd.net\/index.php\/wp-json\/wp\/v2\/users\/4"}],"replies":[{"embeddable":true,"href":"https:\/\/litoralatlanticohd.net\/index.php\/wp-json\/wp\/v2\/comments?post=1729"}],"version-history":[{"count":2,"href":"https:\/\/litoralatlanticohd.net\/index.php\/wp-json\/wp\/v2\/posts\/1729\/revisions"}],"predecessor-version":[{"id":1742,"href":"https:\/\/litoralatlanticohd.net\/index.php\/wp-json\/wp\/v2\/posts\/1729\/revisions\/1742"}],"wp:featuredmedia":[{"embeddable":true,"href":"https:\/\/litoralatlanticohd.net\/index.php\/wp-json\/wp\/v2\/media\/1731"}],"wp:attachment":[{"href":"https:\/\/litoralatlanticohd.net\/index.php\/wp-json\/wp\/v2\/media?parent=1729"}],"wp:term":[{"taxonomy":"category","embeddable":true,"href":"https:\/\/litoralatlanticohd.net\/index.php\/wp-json\/wp\/v2\/categories?post=1729"},{"taxonomy":"post_tag","embeddable":true,"href":"https:\/\/litoralatlanticohd.net\/index.php\/wp-json\/wp\/v2\/tags?post=1729"}],"curies":[{"name":"wp","href":"https:\/\/api.w.org\/{rel}","templated":true}]}}