{"id":2614,"date":"2022-09-20T13:59:15","date_gmt":"2022-09-20T19:59:15","guid":{"rendered":"https:\/\/litoralatlanticohd.net\/?p=2614"},"modified":"2022-09-20T13:59:16","modified_gmt":"2022-09-20T19:59:16","slug":"encuentra-cuerpo-de-menor-que-fue-arrastrada-por-rio","status":"publish","type":"post","link":"https:\/\/litoralatlanticohd.net\/index.php\/2022\/09\/20\/encuentra-cuerpo-de-menor-que-fue-arrastrada-por-rio\/","title":{"rendered":"ENCUENTRA CUERPO DE MENOR QUE FUE ARRASTRADA POR R\u00cdO."},"content":{"rendered":"\n<p>Encuentran el cuerpo sin vida de la menor Valeska Bonilla (13) quien fue arrastrada por la corriente del r\u00edo en el sector de Balibrea, el cuerpo fue encontrado cuatro kil\u00f3metros abajo de la zona donde se report\u00f3 la desaparici\u00f3n.<\/p>\n","protected":false},"excerpt":{"rendered":"<p>Encuentran el cuerpo sin vida de la menor Valeska Bonilla (13) quien fue arrastrada por la corriente del r\u00edo en el sector de Balibrea, el cuerpo fue encontrado cuatro kil\u00f3metros abajo de la zona donde se report\u00f3 la desaparici\u00f3n.<\/p>\n","protected":false},"author":4,"featured_media":2615,"comment_status":"open","ping_status":"open","sticky":false,"template":"","format":"gallery","meta":{"om_disable_all_campaigns":false,"_mi_skip_tracking":false},"categories":[2],"tags":[177],"amp_enabled":true,"_links":{"self":[{"href":"https:\/\/litoralatlanticohd.net\/index.php\/wp-json\/wp\/v2\/posts\/2614"}],"collection":[{"href":"https:\/\/litoralatlanticohd.net\/index.php\/wp-json\/wp\/v2\/posts"}],"about":[{"href":"https:\/\/litoralatlanticohd.net\/index.php\/wp-json\/wp\/v2\/types\/post"}],"author":[{"embeddable":true,"href":"https:\/\/litoralatlanticohd.net\/index.php\/wp-json\/wp\/v2\/users\/4"}],"replies":[{"embeddable":true,"href":"https:\/\/litoralatlanticohd.net\/index.php\/wp-json\/wp\/v2\/comments?post=2614"}],"version-history":[{"count":1,"href":"https:\/\/litoralatlanticohd.net\/index.php\/wp-json\/wp\/v2\/posts\/2614\/revisions"}],"predecessor-version":[{"id":2616,"href":"https:\/\/litoralatlanticohd.net\/index.php\/wp-json\/wp\/v2\/posts\/2614\/revisions\/2616"}],"wp:featuredmedia":[{"embeddable":true,"href":"https:\/\/litoralatlanticohd.net\/index.php\/wp-json\/wp\/v2\/media\/2615"}],"wp:attachment":[{"href":"https:\/\/litoralatlanticohd.net\/index.php\/wp-json\/wp\/v2\/media?parent=2614"}],"wp:term":[{"taxonomy":"category","embeddable":true,"href":"https:\/\/litoralatlanticohd.net\/index.php\/wp-json\/wp\/v2\/categories?post=2614"},{"taxonomy":"post_tag","embeddable":true,"href":"https:\/\/litoralatlanticohd.net\/index.php\/wp-json\/wp\/v2\/tags?post=2614"}],"curies":[{"name":"wp","href":"https:\/\/api.w.org\/{rel}","templated":true}]}}