{"id":2757,"date":"2022-09-28T21:31:10","date_gmt":"2022-09-29T03:31:10","guid":{"rendered":"https:\/\/litoralatlanticohd.net\/?p=2757"},"modified":"2022-09-28T21:31:12","modified_gmt":"2022-09-29T03:31:12","slug":"hacen-cateo-en-barrios-y-colonias-en-busqueda-de-narcoactividad","status":"publish","type":"post","link":"https:\/\/litoralatlanticohd.net\/index.php\/2022\/09\/28\/hacen-cateo-en-barrios-y-colonias-en-busqueda-de-narcoactividad\/","title":{"rendered":"HACEN CATEO EN BARRIOS Y COLONIAS EN BUSQUEDA DE NARCOACTIVIDAD"},"content":{"rendered":"\n<p>Combate frontal contra la narcoactividad en puntos denunciados donde supuestamente se distribuye droga es capturado una persona<\/p>\n\n\n\n<p>&#8211; Operaci\u00f3n en respuesta a los lugares donde son denunciados por venta de droga, por la poblaci\u00f3n<\/p>\n\n\n\n<p> &#8211; Sobre el pende una orden de captura por el il\u00edcito de tr\u00e1fico de drogas, desde el a\u00f1o 2002<\/p>\n\n\n\n<p>&#8211; Se le decomis\u00f3 diferentes tipos de supuesta droga valorada en m\u00e1s de 60,000 lempiras Funcionarios policiales mediante allanamiento de morada con orden judicial dieron detenci\u00f3n a un sujeto por suponerlo responsable del il\u00edcito de tr\u00e1fico il\u00edcito de drogas.<\/p>\n\n\n\n<p>El sospechoso de 51 a\u00f1os, es originario y residente en el barrio Ingl\u00e9s de la ciudad de La Ceiba, denominado el lugar como el Ollo, mismo lugar donde se efectu\u00f3 la captura mediante allanamiento de morada con orden judicial.<\/p>\n\n\n\n<p>Se le decomis\u00f3 lo siguiente:<\/p>\n\n\n\n<p>-07 Bolsas pl\u00e1sticas conteniendo en su interior piedra supuesto crack.<\/p>\n\n\n\n<p>-6 Bolsasitas pl\u00e1sticas transparentes conteniendo supuesta coca\u00edna.<\/p>\n\n\n\n<p>-03 Bolsas pl\u00e1sticas transparentes conteniendo supuesta coca\u00edna.<\/p>\n\n\n\n<p> -12 Bolsas pl\u00e1sticas conteniendo hierva seca supuesta marihuana<\/p>\n\n\n\n<p>Para un aproximado en valoraci\u00f3n de los diferentes supuestos alucin\u00f3genos 60,000 lempiras.<\/p>\n\n\n\n<p>Adem\u00e1s seg\u00fan el informe policial, el individuo es pr\u00f3fugo de la gustar\u00eda, solicitado desde el 29 de agosto del a\u00f1o 2022.<\/p>\n","protected":false},"excerpt":{"rendered":"<p>Combate frontal contra la narcoactividad en puntos denunciados donde supuestamente se distribuye droga es capturado una persona &#8211; Operaci\u00f3n en respuesta a los lugares donde son denunciados por venta de droga, por la poblaci\u00f3n &#8211; Sobre el pende una orden de captura por el il\u00edcito de tr\u00e1fico de drogas, desde el a\u00f1o 2002 &#8211; Se [&hellip;]<\/p>\n","protected":false},"author":4,"featured_media":2758,"comment_status":"open","ping_status":"open","sticky":false,"template":"","format":"gallery","meta":{"om_disable_all_campaigns":false,"_mi_skip_tracking":false},"categories":[2],"tags":[177],"amp_enabled":true,"_links":{"self":[{"href":"https:\/\/litoralatlanticohd.net\/index.php\/wp-json\/wp\/v2\/posts\/2757"}],"collection":[{"href":"https:\/\/litoralatlanticohd.net\/index.php\/wp-json\/wp\/v2\/posts"}],"about":[{"href":"https:\/\/litoralatlanticohd.net\/index.php\/wp-json\/wp\/v2\/types\/post"}],"author":[{"embeddable":true,"href":"https:\/\/litoralatlanticohd.net\/index.php\/wp-json\/wp\/v2\/users\/4"}],"replies":[{"embeddable":true,"href":"https:\/\/litoralatlanticohd.net\/index.php\/wp-json\/wp\/v2\/comments?post=2757"}],"version-history":[{"count":1,"href":"https:\/\/litoralatlanticohd.net\/index.php\/wp-json\/wp\/v2\/posts\/2757\/revisions"}],"predecessor-version":[{"id":2759,"href":"https:\/\/litoralatlanticohd.net\/index.php\/wp-json\/wp\/v2\/posts\/2757\/revisions\/2759"}],"wp:featuredmedia":[{"embeddable":true,"href":"https:\/\/litoralatlanticohd.net\/index.php\/wp-json\/wp\/v2\/media\/2758"}],"wp:attachment":[{"href":"https:\/\/litoralatlanticohd.net\/index.php\/wp-json\/wp\/v2\/media?parent=2757"}],"wp:term":[{"taxonomy":"category","embeddable":true,"href":"https:\/\/litoralatlanticohd.net\/index.php\/wp-json\/wp\/v2\/categories?post=2757"},{"taxonomy":"post_tag","embeddable":true,"href":"https:\/\/litoralatlanticohd.net\/index.php\/wp-json\/wp\/v2\/tags?post=2757"}],"curies":[{"name":"wp","href":"https:\/\/api.w.org\/{rel}","templated":true}]}}