{"id":4756,"date":"2025-11-11T13:53:25","date_gmt":"2025-11-11T19:53:25","guid":{"rendered":"https:\/\/litoralatlanticohd.net\/?p=4756"},"modified":"2025-11-11T13:53:26","modified_gmt":"2025-11-11T19:53:26","slug":"el-poder-judicial-fortalece-el-empoderamiento-de-mujeres-sobrevivientes-de-violencia","status":"publish","type":"post","link":"https:\/\/litoralatlanticohd.net\/index.php\/2025\/11\/11\/el-poder-judicial-fortalece-el-empoderamiento-de-mujeres-sobrevivientes-de-violencia\/","title":{"rendered":"El Poder Judicial fortalece el empoderamiento de mujeres sobrevivientes de violencia."},"content":{"rendered":"\n<p>La Presidenta del Poder Judicial, Rebeca Lizette R\u00e1quel Obando, inaugur\u00f3 el Programa de Formaci\u00f3n a Facilitadoras Judiciales para Empoderar a las Mujeres Sobrevivientes de Violencia, una iniciativa con enfoque en derechos humanos que busca fortalecer la atenci\u00f3n y acompa\u00f1amiento a las v\u00edctimas en sus comunidades.<\/p>\n\n\n\n<p>Durante el acto, la titular del Poder Judicial reafirm\u00f3 el compromiso institucional de consolidar el Servicio Nacional de Facilitadores Judiciales, resaltando la labor de las facilitadoras como agentes de cambio en la promoci\u00f3n de la justicia y la defensa de los derechos humanos.<\/p>\n\n\n\n<p>El evento, organizado por la Unidad de Programas Especiales con el apoyo de International Justice Mission (IJM), cont\u00f3 con la participaci\u00f3n de magistradas, jueces y facilitadoras de todo el pa\u00eds, quienes recibieron capacitaci\u00f3n en temas de violencia de g\u00e9nero, derechos humanos y protecci\u00f3n comunitaria.<\/p>\n\n\n\n<p>Con esta iniciativa, el Poder Judicial reafirma su compromiso con la construcci\u00f3n de una sociedad m\u00e1s justa, equitativa y libre de violencia.<\/p>\n","protected":false},"excerpt":{"rendered":"<p>La Presidenta del Poder Judicial, Rebeca Lizette R\u00e1quel Obando, inaugur\u00f3 el Programa de Formaci\u00f3n a Facilitadoras Judiciales para Empoderar a las Mujeres Sobrevivientes de Violencia, una iniciativa con enfoque en derechos humanos que busca fortalecer la atenci\u00f3n y acompa\u00f1amiento a las v\u00edctimas en sus comunidades. Durante el acto, la titular del Poder Judicial reafirm\u00f3 el [&hellip;]<\/p>\n","protected":false},"author":3,"featured_media":4757,"comment_status":"open","ping_status":"open","sticky":false,"template":"","format":"standard","meta":{"om_disable_all_campaigns":false,"_mi_skip_tracking":false},"categories":[1],"tags":[177,180,56,128],"amp_enabled":true,"_links":{"self":[{"href":"https:\/\/litoralatlanticohd.net\/index.php\/wp-json\/wp\/v2\/posts\/4756"}],"collection":[{"href":"https:\/\/litoralatlanticohd.net\/index.php\/wp-json\/wp\/v2\/posts"}],"about":[{"href":"https:\/\/litoralatlanticohd.net\/index.php\/wp-json\/wp\/v2\/types\/post"}],"author":[{"embeddable":true,"href":"https:\/\/litoralatlanticohd.net\/index.php\/wp-json\/wp\/v2\/users\/3"}],"replies":[{"embeddable":true,"href":"https:\/\/litoralatlanticohd.net\/index.php\/wp-json\/wp\/v2\/comments?post=4756"}],"version-history":[{"count":1,"href":"https:\/\/litoralatlanticohd.net\/index.php\/wp-json\/wp\/v2\/posts\/4756\/revisions"}],"predecessor-version":[{"id":4758,"href":"https:\/\/litoralatlanticohd.net\/index.php\/wp-json\/wp\/v2\/posts\/4756\/revisions\/4758"}],"wp:featuredmedia":[{"embeddable":true,"href":"https:\/\/litoralatlanticohd.net\/index.php\/wp-json\/wp\/v2\/media\/4757"}],"wp:attachment":[{"href":"https:\/\/litoralatlanticohd.net\/index.php\/wp-json\/wp\/v2\/media?parent=4756"}],"wp:term":[{"taxonomy":"category","embeddable":true,"href":"https:\/\/litoralatlanticohd.net\/index.php\/wp-json\/wp\/v2\/categories?post=4756"},{"taxonomy":"post_tag","embeddable":true,"href":"https:\/\/litoralatlanticohd.net\/index.php\/wp-json\/wp\/v2\/tags?post=4756"}],"curies":[{"name":"wp","href":"https:\/\/api.w.org\/{rel}","templated":true}]}}