{"id":5104,"date":"2026-09-02T07:03:30","date_gmt":"2026-09-02T13:03:30","guid":{"rendered":"https:\/\/litoralatlanticohd.net\/?p=5104"},"modified":"2026-09-02T07:03:31","modified_gmt":"2026-09-02T13:03:31","slug":"ana-garcia-como-entramos-con-la-frente-en-alto-salimos-con-la-frente-en-alto","status":"publish","type":"post","link":"https:\/\/litoralatlanticohd.net\/index.php\/2026\/09\/02\/ana-garcia-como-entramos-con-la-frente-en-alto-salimos-con-la-frente-en-alto\/","title":{"rendered":"Ana Garc\u00eda: \u201cComo entramos con la frente en alto, salimos con la frente en alto\u201d"},"content":{"rendered":"\n<p>La exprimera dama Ana Garc\u00eda reaccion\u00f3 al sobreseimiento definitivo de Juan Orlando Hern\u00e1ndez en el caso Pandora II y asegur\u00f3 que su familia enfrent\u00f3 el proceso entre dificultades, se\u00f1alamientos y lo que calific\u00f3 como una persecuci\u00f3n pol\u00edtica.<\/p>\n\n\n\n<p>Tras conocerse la resoluci\u00f3n, Garc\u00eda manifest\u00f3 que su familia mantiene la frente en alto y destac\u00f3 que, pese a las circunstancias que atravesaron durante el proceso, permanecieron firmes.<\/p>\n\n\n\n<p>\u201cComo entramos con la frente en alto, salimos con la frente en alto\u201d, expres\u00f3 la exprimera dama.<\/p>\n\n\n\n<p>Garc\u00eda tambi\u00e9n se\u00f1al\u00f3 que ahora queda pendiente la devoluci\u00f3n de los bienes que, seg\u00fan afirm\u00f3, fueron asegurados durante el proceso judicial.<\/p>\n\n\n\n<p>Asimismo, hizo un llamado para evitar que otras familias hondure\u00f1as tengan que atravesar situaciones similares y reiter\u00f3 su confianza en que lo ocurrido pueda ser superado.<\/p>\n\n\n\n<p>\u201cDios una vez m\u00e1s nos ha dado la victoria\u201d, manifest\u00f3 Garc\u00eda.<\/p>\n\n\n\n<p>La reacci\u00f3n se produce luego del sobreseimiento definitivo de Juan Orlando Hern\u00e1ndez en el caso Pandora II, resoluci\u00f3n que pone fin al proceso judicial en su contra dentro de este expediente.<\/p>\n","protected":false},"excerpt":{"rendered":"<p>La exprimera dama Ana Garc\u00eda reaccion\u00f3 al sobreseimiento definitivo de Juan Orlando Hern\u00e1ndez en el caso Pandora II y asegur\u00f3 que su familia enfrent\u00f3 el proceso entre dificultades, se\u00f1alamientos y lo que calific\u00f3 como una persecuci\u00f3n pol\u00edtica. Tras conocerse la resoluci\u00f3n, Garc\u00eda manifest\u00f3 que su familia mantiene la frente en alto y destac\u00f3 que, pese [&hellip;]<\/p>\n","protected":false},"author":3,"featured_media":5105,"comment_status":"open","ping_status":"open","sticky":false,"template":"","format":"standard","meta":{"_mi_skip_tracking":false},"categories":[1],"tags":[177,180,56,128],"amp_enabled":true,"_links":{"self":[{"href":"https:\/\/litoralatlanticohd.net\/index.php\/wp-json\/wp\/v2\/posts\/5104"}],"collection":[{"href":"https:\/\/litoralatlanticohd.net\/index.php\/wp-json\/wp\/v2\/posts"}],"about":[{"href":"https:\/\/litoralatlanticohd.net\/index.php\/wp-json\/wp\/v2\/types\/post"}],"author":[{"embeddable":true,"href":"https:\/\/litoralatlanticohd.net\/index.php\/wp-json\/wp\/v2\/users\/3"}],"replies":[{"embeddable":true,"href":"https:\/\/litoralatlanticohd.net\/index.php\/wp-json\/wp\/v2\/comments?post=5104"}],"version-history":[{"count":1,"href":"https:\/\/litoralatlanticohd.net\/index.php\/wp-json\/wp\/v2\/posts\/5104\/revisions"}],"predecessor-version":[{"id":5106,"href":"https:\/\/litoralatlanticohd.net\/index.php\/wp-json\/wp\/v2\/posts\/5104\/revisions\/5106"}],"wp:featuredmedia":[{"embeddable":true,"href":"https:\/\/litoralatlanticohd.net\/index.php\/wp-json\/wp\/v2\/media\/5105"}],"wp:attachment":[{"href":"https:\/\/litoralatlanticohd.net\/index.php\/wp-json\/wp\/v2\/media?parent=5104"}],"wp:term":[{"taxonomy":"category","embeddable":true,"href":"https:\/\/litoralatlanticohd.net\/index.php\/wp-json\/wp\/v2\/categories?post=5104"},{"taxonomy":"post_tag","embeddable":true,"href":"https:\/\/litoralatlanticohd.net\/index.php\/wp-json\/wp\/v2\/tags?post=5104"}],"curies":[{"name":"wp","href":"https:\/\/api.w.org\/{rel}","templated":true}]}}