{"id":577,"date":"2022-02-02T17:54:59","date_gmt":"2022-02-02T23:54:59","guid":{"rendered":"https:\/\/litoralatlanticohd.net\/?p=577"},"modified":"2022-02-02T18:08:24","modified_gmt":"2022-02-03T00:08:24","slug":"ceibenos-listos-para-celebracion-de-alborada-a-la-virgen-de-suyapa","status":"publish","type":"post","link":"https:\/\/litoralatlanticohd.net\/index.php\/2022\/02\/02\/ceibenos-listos-para-celebracion-de-alborada-a-la-virgen-de-suyapa\/","title":{"rendered":"Ceibe\u00f1os listos para celebraci\u00f3n de Alborada a la Virgen de Suyapa."},"content":{"rendered":"\n<p>La Ceiba, Atl\u00e1ntida.<br>Las celebraciones en marco del 275 aniversario de aparici\u00f3n de la Virgen de Suyapa, patrona de Honduras, se llevar\u00e1n a cabo de manera ordenada y presencial, pero con restricciones por la pandemia del COVID-19.<\/p>\n\n\n\n<p>Las actividades a realizar previo a la celebraci\u00f3n, iniciar\u00e1n con una caravana, con punto de partida desde la Catedral San Isidro, hasta llegar a la Iglesia Suyapita, en donde se realizar\u00e1 la misa oficial, y posteriormente, la vela en conmemoraci\u00f3n a la Patrona de Honduras.<\/p>\n\n\n\n<p>Cientos de ceibe\u00f1os, esperan este d\u00eda para poder agradecer y hacer sus peticiones, a la Sant\u00edsima Madre.<\/p>\n","protected":false},"excerpt":{"rendered":"<p>La Ceiba, Atl\u00e1ntida.Las celebraciones en marco del 275 aniversario de aparici\u00f3n de la Virgen de Suyapa, patrona de Honduras, se llevar\u00e1n a cabo de manera ordenada y presencial, pero con restricciones por la pandemia del COVID-19. Las actividades a realizar previo a la celebraci\u00f3n, iniciar\u00e1n con una caravana, con punto de partida desde la Catedral [&hellip;]<\/p>\n","protected":false},"author":3,"featured_media":572,"comment_status":"open","ping_status":"open","sticky":false,"template":"","format":"standard","meta":{"om_disable_all_campaigns":false,"_mi_skip_tracking":false},"categories":[2],"tags":[177],"amp_enabled":true,"_links":{"self":[{"href":"https:\/\/litoralatlanticohd.net\/index.php\/wp-json\/wp\/v2\/posts\/577"}],"collection":[{"href":"https:\/\/litoralatlanticohd.net\/index.php\/wp-json\/wp\/v2\/posts"}],"about":[{"href":"https:\/\/litoralatlanticohd.net\/index.php\/wp-json\/wp\/v2\/types\/post"}],"author":[{"embeddable":true,"href":"https:\/\/litoralatlanticohd.net\/index.php\/wp-json\/wp\/v2\/users\/3"}],"replies":[{"embeddable":true,"href":"https:\/\/litoralatlanticohd.net\/index.php\/wp-json\/wp\/v2\/comments?post=577"}],"version-history":[{"count":1,"href":"https:\/\/litoralatlanticohd.net\/index.php\/wp-json\/wp\/v2\/posts\/577\/revisions"}],"predecessor-version":[{"id":578,"href":"https:\/\/litoralatlanticohd.net\/index.php\/wp-json\/wp\/v2\/posts\/577\/revisions\/578"}],"wp:featuredmedia":[{"embeddable":true,"href":"https:\/\/litoralatlanticohd.net\/index.php\/wp-json\/wp\/v2\/media\/572"}],"wp:attachment":[{"href":"https:\/\/litoralatlanticohd.net\/index.php\/wp-json\/wp\/v2\/media?parent=577"}],"wp:term":[{"taxonomy":"category","embeddable":true,"href":"https:\/\/litoralatlanticohd.net\/index.php\/wp-json\/wp\/v2\/categories?post=577"},{"taxonomy":"post_tag","embeddable":true,"href":"https:\/\/litoralatlanticohd.net\/index.php\/wp-json\/wp\/v2\/tags?post=577"}],"curies":[{"name":"wp","href":"https:\/\/api.w.org\/{rel}","templated":true}]}}