{"id":677,"date":"2022-02-10T06:43:31","date_gmt":"2022-02-10T12:43:31","guid":{"rendered":"https:\/\/litoralatlanticohd.net\/?p=677"},"modified":"2022-02-10T06:43:32","modified_gmt":"2022-02-10T12:43:32","slug":"derogacion-de-ley-trabajo-por-hora-un-golpe-a-la-economia","status":"publish","type":"post","link":"https:\/\/litoralatlanticohd.net\/index.php\/2022\/02\/10\/derogacion-de-ley-trabajo-por-hora-un-golpe-a-la-economia\/","title":{"rendered":"Derogaci\u00f3n de Ley trabajo por hora, un golpe a la econom\u00eda."},"content":{"rendered":"\n<p><br>Tegucigalpa MDC<\/p>\n\n\n\n<p>Dirigentes empresariales solicitan poder dialogar con la presidenta Xiomara Castro antes de tomar una decisi\u00f3n sobre la derogaci\u00f3n de la Ley de Empleo por Hora, una iniciativa que lleg\u00f3 al Congreso Nacional, y que tiene preocupados a miles de hondure\u00f1os.<\/p>\n\n\n\n<p>El dirigente empresarial de Tegucigalpa, Daniel Fort\u00edn, pidi\u00f3 al nuevo gobierno y a diputados del Congreso Nacional sentarse a dialogar y hacer un an\u00e1lisis antes de tomar una decisi\u00f3n sobre la ley.<\/p>\n\n\n\n<p>&#8220;Se debe analizar de cu\u00e1nta gente estamos hablando&#8221;, dijo Fort\u00edn, previendo que miles de hondure\u00f1os se quedar\u00e1n sin el trabajo que actualmente tienen por hora o por medio tiempo&#8221;.<\/p>\n\n\n\n<p>El empresario abog\u00f3 para que si la legislaci\u00f3n se modifique, si es el caso, pero que no se derogue pues &#8220;habr\u00e1 implicaciones&#8221; para la econom\u00eda y para los hondure\u00f1os acogidos.<\/p>\n\n\n\n<p>La Ley Especial de Empleo por Hora beneficia a aproximadamente 700 mil hondure\u00f1os, entre ellos j\u00f3venes estudiantes que tienen la opci\u00f3n de tener contrato para trabajar por horas en varias empresas.<\/p>\n\n\n\n<p>Por su parte, el dirigente empresarial de la zona norte, Eduardo Facuss\u00e9, considerada que debe revisarse bien para que todos los trabajadores gocen de sus beneficios, porque no se cumplen por falta de supervisi\u00f3n.<\/p>\n\n\n\n<p>Todo esto, ante la iniciativa que present\u00f3 el dirigente obrero y diputado por Libre, Juan Barahona<\/p>\n","protected":false},"excerpt":{"rendered":"<p>Tegucigalpa MDC Dirigentes empresariales solicitan poder dialogar con la presidenta Xiomara Castro antes de tomar una decisi\u00f3n sobre la derogaci\u00f3n de la Ley de Empleo por Hora, una iniciativa que lleg\u00f3 al Congreso Nacional, y que tiene preocupados a miles de hondure\u00f1os. El dirigente empresarial de Tegucigalpa, Daniel Fort\u00edn, pidi\u00f3 al nuevo gobierno y a [&hellip;]<\/p>\n","protected":false},"author":3,"featured_media":678,"comment_status":"open","ping_status":"open","sticky":false,"template":"","format":"standard","meta":{"om_disable_all_campaigns":false,"_mi_skip_tracking":false},"categories":[1],"tags":[177],"amp_enabled":true,"_links":{"self":[{"href":"https:\/\/litoralatlanticohd.net\/index.php\/wp-json\/wp\/v2\/posts\/677"}],"collection":[{"href":"https:\/\/litoralatlanticohd.net\/index.php\/wp-json\/wp\/v2\/posts"}],"about":[{"href":"https:\/\/litoralatlanticohd.net\/index.php\/wp-json\/wp\/v2\/types\/post"}],"author":[{"embeddable":true,"href":"https:\/\/litoralatlanticohd.net\/index.php\/wp-json\/wp\/v2\/users\/3"}],"replies":[{"embeddable":true,"href":"https:\/\/litoralatlanticohd.net\/index.php\/wp-json\/wp\/v2\/comments?post=677"}],"version-history":[{"count":1,"href":"https:\/\/litoralatlanticohd.net\/index.php\/wp-json\/wp\/v2\/posts\/677\/revisions"}],"predecessor-version":[{"id":679,"href":"https:\/\/litoralatlanticohd.net\/index.php\/wp-json\/wp\/v2\/posts\/677\/revisions\/679"}],"wp:featuredmedia":[{"embeddable":true,"href":"https:\/\/litoralatlanticohd.net\/index.php\/wp-json\/wp\/v2\/media\/678"}],"wp:attachment":[{"href":"https:\/\/litoralatlanticohd.net\/index.php\/wp-json\/wp\/v2\/media?parent=677"}],"wp:term":[{"taxonomy":"category","embeddable":true,"href":"https:\/\/litoralatlanticohd.net\/index.php\/wp-json\/wp\/v2\/categories?post=677"},{"taxonomy":"post_tag","embeddable":true,"href":"https:\/\/litoralatlanticohd.net\/index.php\/wp-json\/wp\/v2\/tags?post=677"}],"curies":[{"name":"wp","href":"https:\/\/api.w.org\/{rel}","templated":true}]}}