{"id":855,"date":"2022-02-23T07:00:06","date_gmt":"2022-02-23T13:00:06","guid":{"rendered":"https:\/\/litoralatlanticohd.net\/?p=855"},"modified":"2022-02-23T07:00:07","modified_gmt":"2022-02-23T13:00:07","slug":"deuda-del-pais-no-concuerda-con-la-jugosos-salarios-de-empleados-publicos-eduardo-facusse","status":"publish","type":"post","link":"https:\/\/litoralatlanticohd.net\/index.php\/2022\/02\/23\/deuda-del-pais-no-concuerda-con-la-jugosos-salarios-de-empleados-publicos-eduardo-facusse\/","title":{"rendered":"Deuda del pa\u00eds no concuerda con la jugosos salarios de empleados p\u00fablicos. Eduardo Facusse\u00a0"},"content":{"rendered":"\n<p>El presidente de la C\u00e1mara de Comercio e Industrias de Cort\u00e9s (CCIC), Eduardo Facuss\u00e9 se\u00f1al\u00f3 que el tama\u00f1o y gasto del Gobierno preocupa de forma general y aparte los aumentos desmedidos que se dan algunos funcionarios no son congruentes con el momento de crisis que vive Honduras.&nbsp;<\/p>\n\n\n\n<p>Facuss\u00e9 reaccion\u00f3 luego que trascendiera en medios de comunicaci\u00f3n las planillas de algunos funcionarios del Banco Central de Honduras (BCH) que ganan onerosos salarios arriba de los 200 mil lempiras, luego de un y un reciente aumento de 22 mil lempiras en enero.<\/p>\n\n\n\n<p>Ante ello, el empresario sampedrano manifest\u00f3 que deber\u00eda haber conciencia de parte de las instituciones por el d\u00e9ficit que vive el pa\u00eds.<\/p>\n\n\n\n<p>\u201cNo es congruente estar pensando en aumentos cuando el pa\u00eds est\u00e1 con problemas fiscales y econ\u00f3micos\u201d, indic\u00f3 el titular de la CCIC.<\/p>\n\n\n\n<p>Finalmente, el presidente de la CCIC detall\u00f3 que la deuda del pa\u00eds ya es bastante pesada. Ante ello, advirti\u00f3 que si no se toman las medidas de austeridad, la tendencia de la misma es a incrementarse.<\/p>\n","protected":false},"excerpt":{"rendered":"<p>El presidente de la C\u00e1mara de Comercio e Industrias de Cort\u00e9s (CCIC), Eduardo Facuss\u00e9 se\u00f1al\u00f3 que el tama\u00f1o y gasto del Gobierno preocupa de forma general y aparte los aumentos desmedidos que se dan algunos funcionarios no son congruentes con el momento de crisis que vive Honduras.&nbsp; Facuss\u00e9 reaccion\u00f3 luego que trascendiera en medios de [&hellip;]<\/p>\n","protected":false},"author":3,"featured_media":857,"comment_status":"open","ping_status":"open","sticky":false,"template":"","format":"standard","meta":{"om_disable_all_campaigns":false,"_mi_skip_tracking":false},"categories":[1],"tags":[177],"amp_enabled":true,"_links":{"self":[{"href":"https:\/\/litoralatlanticohd.net\/index.php\/wp-json\/wp\/v2\/posts\/855"}],"collection":[{"href":"https:\/\/litoralatlanticohd.net\/index.php\/wp-json\/wp\/v2\/posts"}],"about":[{"href":"https:\/\/litoralatlanticohd.net\/index.php\/wp-json\/wp\/v2\/types\/post"}],"author":[{"embeddable":true,"href":"https:\/\/litoralatlanticohd.net\/index.php\/wp-json\/wp\/v2\/users\/3"}],"replies":[{"embeddable":true,"href":"https:\/\/litoralatlanticohd.net\/index.php\/wp-json\/wp\/v2\/comments?post=855"}],"version-history":[{"count":1,"href":"https:\/\/litoralatlanticohd.net\/index.php\/wp-json\/wp\/v2\/posts\/855\/revisions"}],"predecessor-version":[{"id":858,"href":"https:\/\/litoralatlanticohd.net\/index.php\/wp-json\/wp\/v2\/posts\/855\/revisions\/858"}],"wp:featuredmedia":[{"embeddable":true,"href":"https:\/\/litoralatlanticohd.net\/index.php\/wp-json\/wp\/v2\/media\/857"}],"wp:attachment":[{"href":"https:\/\/litoralatlanticohd.net\/index.php\/wp-json\/wp\/v2\/media?parent=855"}],"wp:term":[{"taxonomy":"category","embeddable":true,"href":"https:\/\/litoralatlanticohd.net\/index.php\/wp-json\/wp\/v2\/categories?post=855"},{"taxonomy":"post_tag","embeddable":true,"href":"https:\/\/litoralatlanticohd.net\/index.php\/wp-json\/wp\/v2\/tags?post=855"}],"curies":[{"name":"wp","href":"https:\/\/api.w.org\/{rel}","templated":true}]}}