{"id":862,"date":"2022-02-23T12:39:09","date_gmt":"2022-02-23T18:39:09","guid":{"rendered":"https:\/\/litoralatlanticohd.net\/?p=862"},"modified":"2022-02-24T06:45:49","modified_gmt":"2022-02-24T12:45:49","slug":"hospital-general-atlantida-contara-de-nuevo-con-la-atencion-medica-del-dr-roger-perez-teran-especialista-en-neurologia","status":"publish","type":"post","link":"https:\/\/litoralatlanticohd.net\/index.php\/2022\/02\/23\/hospital-general-atlantida-contara-de-nuevo-con-la-atencion-medica-del-dr-roger-perez-teran-especialista-en-neurologia\/","title":{"rendered":"Hospital General Atl\u00e1ntida contar\u00e1 de nuevo con la atenci\u00f3n m\u00e9dica del Dr Roger P\u00e9rez Ter\u00e1n, especialista en Neurolog\u00eda.\u00a0\u00a0"},"content":{"rendered":"\n<p>La Ceiba, Atl\u00e1ntida&nbsp;<\/p>\n\n\n\n<p>Luego que la Dra Silvia Bardales, tomara posici\u00f3n como Directora del Hospital General Atl\u00e1ntida, en el cual estuvo acompa\u00f1ada por dirigentes del Partido Libertad y Refundaci\u00f3n, entre ellos el Dr Roger P\u00e9rez Ter\u00e1n, el cual fue cuestionado por la poblaci\u00f3n ceibe\u00f1a, quienes manifestaron no estar conformes con su presencia en dicha instituci\u00f3n, debido a que no es \u00e9l el encargado y ya recibi\u00f3 su jubilaci\u00f3n.\u00a0<\/p>\n\n\n\n<p>Por su parte, el Dr Roger P\u00e9rez Ter\u00e1n, en entrevista al medio de comunicaci\u00f3n Litoral Atl\u00e1ntico, manifest\u00f3 que en dicha instituci\u00f3n hay conductas inaceptables por parte de algunas personas, y que su presencia ser\u00e1 para apoyar a la poblaci\u00f3n a trav\u00e9s de consultas \u00e9ticas completamente gratuita, y su pago ser\u00e1 la satisfacci\u00f3n de servir, y apoyar a la poblaci\u00f3n y a su partido, antendiendo de lunes a viernes desde las 7am.<\/p>\n\n\n\n<p>\u201cHay un equipo de trabajo, incluida sociedad civil,&nbsp;&nbsp;y se har\u00e1n correcciones pertinentes, y se deben acostumbrar a verme aqu\u00ed\u201d agreg\u00f3.&nbsp;<\/p>\n\n\n\n<p>El Dr P\u00e9rez Ter\u00e1n, fungi\u00f3 hace algunos a\u00f1os como Director del Hospital General Atlantida, y es Especialista en Neurocirugia, especialidad con muy pocos galenos en la ciudad puerto de La Ceiba.\u00a0<\/p>\n","protected":false},"excerpt":{"rendered":"<p>La Ceiba, Atl\u00e1ntida&nbsp; Luego que la Dra Silvia Bardales, tomara posici\u00f3n como Directora del Hospital General Atl\u00e1ntida, en el cual estuvo acompa\u00f1ada por dirigentes del Partido Libertad y Refundaci\u00f3n, entre ellos el Dr Roger P\u00e9rez Ter\u00e1n, el cual fue cuestionado por la poblaci\u00f3n ceibe\u00f1a, quienes manifestaron no estar conformes con su presencia en dicha instituci\u00f3n, [&hellip;]<\/p>\n","protected":false},"author":3,"featured_media":863,"comment_status":"open","ping_status":"open","sticky":false,"template":"","format":"standard","meta":{"om_disable_all_campaigns":false,"_mi_skip_tracking":false},"categories":[1],"tags":[177],"amp_enabled":true,"_links":{"self":[{"href":"https:\/\/litoralatlanticohd.net\/index.php\/wp-json\/wp\/v2\/posts\/862"}],"collection":[{"href":"https:\/\/litoralatlanticohd.net\/index.php\/wp-json\/wp\/v2\/posts"}],"about":[{"href":"https:\/\/litoralatlanticohd.net\/index.php\/wp-json\/wp\/v2\/types\/post"}],"author":[{"embeddable":true,"href":"https:\/\/litoralatlanticohd.net\/index.php\/wp-json\/wp\/v2\/users\/3"}],"replies":[{"embeddable":true,"href":"https:\/\/litoralatlanticohd.net\/index.php\/wp-json\/wp\/v2\/comments?post=862"}],"version-history":[{"count":3,"href":"https:\/\/litoralatlanticohd.net\/index.php\/wp-json\/wp\/v2\/posts\/862\/revisions"}],"predecessor-version":[{"id":867,"href":"https:\/\/litoralatlanticohd.net\/index.php\/wp-json\/wp\/v2\/posts\/862\/revisions\/867"}],"wp:featuredmedia":[{"embeddable":true,"href":"https:\/\/litoralatlanticohd.net\/index.php\/wp-json\/wp\/v2\/media\/863"}],"wp:attachment":[{"href":"https:\/\/litoralatlanticohd.net\/index.php\/wp-json\/wp\/v2\/media?parent=862"}],"wp:term":[{"taxonomy":"category","embeddable":true,"href":"https:\/\/litoralatlanticohd.net\/index.php\/wp-json\/wp\/v2\/categories?post=862"},{"taxonomy":"post_tag","embeddable":true,"href":"https:\/\/litoralatlanticohd.net\/index.php\/wp-json\/wp\/v2\/tags?post=862"}],"curies":[{"name":"wp","href":"https:\/\/api.w.org\/{rel}","templated":true}]}}